{"id":873,"date":"2021-12-28T09:22:00","date_gmt":"2021-12-28T12:22:00","guid":{"rendered":"https:\/\/www.rionortesaude.com.br\/blog\/?p=873"},"modified":"2022-07-29T11:31:42","modified_gmt":"2022-07-29T14:31:42","slug":"por-que-o-coco-de-um-bebe-muda-de-cor","status":"publish","type":"post","link":"https:\/\/www.rionortesaude.com.br\/blog\/por-que-o-coco-de-um-bebe-muda-de-cor\/","title":{"rendered":"Por que o coc\u00f4 de um beb\u00ea muda de cor?"},"content":{"rendered":"<p class=\"estimated-read-time\">Tempo de leitura:<small> 3 minutos<\/small><\/p> \n<p>Os pais geralmente costumam procurar um pediatra em Madureira quando ocorrem quaisquer mudan\u00e7as na apar\u00eancia e na frequ\u00eancia das evacua\u00e7\u00f5es de seus filhos, sobretudo quando eles s\u00e3o bem pequenos. Mas \u00e9 importante saber que sim, \u00e0s vezes, o coc\u00f4 do beb\u00ea muda de cor e nem sempre isso \u00e9 um indicador de que algo est\u00e1 errado com a sa\u00fade da crian\u00e7a.<\/p>\n\n\n\n<div id=\"ez-toc-container\" class=\"ez-toc-v2_0_17 counter-hierarchy counter-decimal ez-toc-grey\">\n<div class=\"ez-toc-title-container\">\n<p class=\"ez-toc-title\">Indice<\/p>\n<span class=\"ez-toc-title-toggle\"><a class=\"ez-toc-pull-right ez-toc-btn ez-toc-btn-xs ez-toc-btn-default ez-toc-toggle\" style=\"display: none;\"><i class=\"ez-toc-glyphicon ez-toc-icon-toggle\"><\/i><\/a><\/span><\/div>\n<nav><ul class=\"ez-toc-list ez-toc-list-level-1\"><li class=\"ez-toc-page-1 ez-toc-heading-level-2\"><a class=\"ez-toc-link ez-toc-heading-1\" href=\"https:\/\/www.rionortesaude.com.br\/blog\/por-que-o-coco-de-um-bebe-muda-de-cor\/#Entao_por_que_o_coco_do_bebe_muda_de_cor_e_o_que_isso_significa\" title=\"Ent\u00e3o, por que o coc\u00f4 do beb\u00ea muda de cor e o que isso significa?\">Ent\u00e3o, por que o coc\u00f4 do beb\u00ea muda de cor e o que isso significa?<\/a><\/li><li class=\"ez-toc-page-1 ez-toc-heading-level-2\"><a class=\"ez-toc-link ez-toc-heading-2\" href=\"https:\/\/www.rionortesaude.com.br\/blog\/por-que-o-coco-de-um-bebe-muda-de-cor\/#Outras_coisas_que_voce_deve_prestar_atencao\" title=\"Outras coisas que voc\u00ea deve prestar aten\u00e7\u00e3o\">Outras coisas que voc\u00ea deve prestar aten\u00e7\u00e3o<\/a><ul class=\"ez-toc-list-level-3\"><li class=\"ez-toc-heading-level-3\"><a class=\"ez-toc-link ez-toc-heading-3\" href=\"https:\/\/www.rionortesaude.com.br\/blog\/por-que-o-coco-de-um-bebe-muda-de-cor\/#Outras_cores\" title=\"Outras cores\">Outras cores<\/a><\/li><li class=\"ez-toc-page-1 ez-toc-heading-level-3\"><a class=\"ez-toc-link ez-toc-heading-4\" href=\"https:\/\/www.rionortesaude.com.br\/blog\/por-que-o-coco-de-um-bebe-muda-de-cor\/#Frequencia_de_evacuacoes\" title=\"Frequ\u00eancia de evacua\u00e7\u00f5es\">Frequ\u00eancia de evacua\u00e7\u00f5es<\/a><\/li><li class=\"ez-toc-page-1 ez-toc-heading-level-3\"><a class=\"ez-toc-link ez-toc-heading-5\" href=\"https:\/\/www.rionortesaude.com.br\/blog\/por-que-o-coco-de-um-bebe-muda-de-cor\/#Consistencia_das_fezes\" title=\"Consist\u00eancia das fezes\">Consist\u00eancia das fezes<\/a><\/li><\/ul><\/li><li class=\"ez-toc-page-1 ez-toc-heading-level-2\"><a class=\"ez-toc-link ez-toc-heading-6\" href=\"https:\/\/www.rionortesaude.com.br\/blog\/por-que-o-coco-de-um-bebe-muda-de-cor\/#Agende_uma_consulta_na_Rio_Norte_Saude\" title=\"Agende uma consulta na Rio Norte Sa\u00fade!\">Agende uma consulta na Rio Norte Sa\u00fade!<\/a><\/li><\/ul><\/nav><\/div>\n<h2><span class=\"ez-toc-section\" id=\"Entao_por_que_o_coco_do_bebe_muda_de_cor_e_o_que_isso_significa\"><\/span>Ent\u00e3o, por que o coc\u00f4 do beb\u00ea muda de cor e o que isso significa?<span class=\"ez-toc-section-end\"><\/span><\/h2>\n\n\n\n<p>A cor do coc\u00f4 muda durante os primeiros meses de vida do beb\u00ea. Come\u00e7a verde-escuro, quase preto, de aspecto viscoso e denso. \u00c9 o que se conhece como mec\u00f4nio, ou primeiras fezes, que ocorre nas primeiras 24\/48 horas. \u00c9 uma massa compacta constitu\u00edda por uma mistura de todos os componentes dissolvidos e absorvidos pelo beb\u00ea no l\u00edquido amni\u00f3tico, como muco, enzimas e sais de bile.&nbsp;<\/p>\n\n\n\n<p>Ap\u00f3s a expuls\u00e3o do mec\u00f4nio, o coc\u00f4 do beb\u00ea muda de cor, passando por uma variedade de cores que v\u00e3o do amarelo ao verde. T\u00eam consist\u00eancia semil\u00edquida, granulosa e por vezes com alguns peda\u00e7os brancos que parecem sementes. Em beb\u00eas alimentados apenas pelo seio da m\u00e3e, apresenta pouco odor.&nbsp;&nbsp;<\/p>\n\n\n\n<p>Nesse per\u00edodo, \u00e9 comum que a gama de cores mude. No entanto, desde que as fezes sejam moles e de apar\u00eancia normal, n\u00e3o h\u00e1 necessidade de se alarmar, a menos que seja acompanhado de outros sintomas como febre, perda de apetite, choro cont\u00ednuo ou v\u00f4mito.<\/p>\n\n\n\n<p>Al\u00e9m disso, vale ressaltar que o coc\u00f4 do beb\u00ea muda de cor dependendo da dieta. Assim, quando ele \u00e9 alimentado com mamadeira, as fezes t\u00eam menos l\u00edquido e uma cor que varia de amarela a marrom.&nbsp;<\/p>\n\n\n\n<h2><span class=\"ez-toc-section\" id=\"Outras_coisas_que_voce_deve_prestar_atencao\"><\/span>Outras coisas que voc\u00ea deve prestar aten\u00e7\u00e3o<span class=\"ez-toc-section-end\"><\/span><\/h2>\n\n\n\n<p>Agora que voc\u00ea j\u00e1 sabe que o coc\u00f4 do beb\u00ea muda de cor dependendo da dieta, existem outras coisas que voc\u00ea deve prestar aten\u00e7\u00e3o:<\/p>\n\n\n\n<h3><span class=\"ez-toc-section\" id=\"Outras_cores\"><\/span>Outras cores<span class=\"ez-toc-section-end\"><\/span><\/h3>\n\n\n\n<p>\u00c9 normal ver fezes amarelo-claras em beb\u00eas que amamentam e, \u00e0s vezes, em beb\u00eas alimentados com f\u00f3rmula tamb\u00e9m. Contudo, quando aparecem com muito mais frequ\u00eancia do que o normal e s\u00e3o muito aquosas, \u00e9 poss\u00edvel que indiquem diarreia, o que pode aumentar o risco de desidrata\u00e7\u00e3o.<\/p>\n\n\n\n<p>Al\u00e9m disso, \u00e0s vezes o coc\u00f4 do beb\u00ea muda de cor para branco. Fezes brancas podem indicar que seu beb\u00ea n\u00e3o est\u00e1 produzindo bile suficiente no f\u00edgado para ajud\u00e1-lo a digerir os alimentos adequadamente.&nbsp; Assim como as fezes brancas, as fezes cinzentas podem significar que seu beb\u00ea n\u00e3o est\u00e1 digerindo os alimentos como deveria.&nbsp;<\/p>\n\n\n\n<p>Outra cor que voc\u00ea deve prestar aten\u00e7\u00e3o \u00e9 vermelho. Tudo bem, as fezes do beb\u00ea podem ficar vermelhas devido aos alimentos e bebidas vermelho-escuros que ele consumiu, como suco de tomate ou beterraba. Contudo, essa colora\u00e7\u00e3o tamb\u00e9m pode significar que h\u00e1 sangue nas fezes devido a uma infec\u00e7\u00e3o intestinal, alergia ao leite ou a uma fissura anal.<\/p>\n\n\n\n<p>Se o coc\u00f4 de um beb\u00ea muda de cor para qualquer uma das cores mencionadas acima, \u00e9 fundamental consultar um pediatra em Madureira.\u00a0<\/p>\n\n\n\n<h3><span class=\"ez-toc-section\" id=\"Frequencia_de_evacuacoes\"><\/span>Frequ\u00eancia de evacua\u00e7\u00f5es<span class=\"ez-toc-section-end\"><\/span><\/h3>\n\n\n\n<p>Os beb\u00eas nem sempre evacuam da mesma maneira e nos mesmos momentos. Depende da dieta alimentar e de como funciona o seu organismo. Tomar apenas leite materno n\u00e3o \u00e9 o mesmo que introduzir alimentos s\u00f3lidos ou fibras, por exemplo. Assim, \u00e9 importante observar a frequ\u00eancia das evacua\u00e7\u00f5es.<\/p>\n\n\n\n<figure class=\"wp-block-image size-large\"><img loading=\"lazy\" width=\"512\" height=\"341\" src=\"https:\/\/www.rionortesaude.com.br\/blog\/wp-content\/uploads\/2021\/12\/pediatra-em-Madureira.png\" alt=\"pediatra em Madureira\" class=\"wp-image-875\" srcset=\"https:\/\/www.rionortesaude.com.br\/blog\/wp-content\/uploads\/2021\/12\/pediatra-em-Madureira.png 512w, https:\/\/www.rionortesaude.com.br\/blog\/wp-content\/uploads\/2021\/12\/pediatra-em-Madureira-300x200.png 300w, https:\/\/www.rionortesaude.com.br\/blog\/wp-content\/uploads\/2021\/12\/pediatra-em-Madureira-370x246.png 370w\" sizes=\"(max-width: 512px) 100vw, 512px\" \/><\/figure>\n\n\n\n<h3><span class=\"ez-toc-section\" id=\"Consistencia_das_fezes\"><\/span>Consist\u00eancia das fezes<span class=\"ez-toc-section-end\"><\/span><\/h3>\n\n\n\n<p>A forma como as fezes s\u00e3o s\u00f3lidas ou l\u00edquidas tamb\u00e9m pode ser um sinal da exist\u00eancia de uma doen\u00e7a. Normalmente, as fezes s\u00e3o moles, mas compactas. De qualquer forma, \u00e9 importante prestar aten\u00e7\u00e3o nisso e, caso haja qualquer preocupa\u00e7\u00e3o, procurar um <a href=\"https:\/\/www.rionortesaude.com.br\/pediatra-madureira.php\" target=\"_blank\" rel=\"noreferrer noopener\"><strong>pediatra em Madureira<\/strong><\/a>.<\/p>\n\n\n\n<h2><span class=\"ez-toc-section\" id=\"Agende_uma_consulta_na_Rio_Norte_Saude\"><\/span>Agende uma consulta na Rio Norte Sa\u00fade!<span class=\"ez-toc-section-end\"><\/span><\/h2>\n\n\n\n<p>Muitos pais se preocupam quando o coc\u00f4 do beb\u00ea muda de cor. Mas, de maneira geral, trata-se de algo que ocorre normalmente. Mesmo assim, se voc\u00ea ainda tem d\u00favidas e quer se tranquilizar de que n\u00e3o h\u00e1 nada errado, agende uma consulta com um pediatra em Madureira pela Rio Norte Sa\u00fade!<\/p>\n","protected":false},"excerpt":{"rendered":"<p><small> 3 minutos<\/small> Os pais geralmente costumam procurar um pediatra em Madureira quando ocorrem quaisquer mudan\u00e7as na apar\u00eancia e na frequ\u00eancia das evacua\u00e7\u00f5es de seus filhos, sobretudo quando eles s\u00e3o bem pequenos. Mas \u00e9 importante saber que sim, \u00e0s vezes, o coc\u00f4 do beb\u00ea muda de cor e nem sempre isso \u00e9 um indicador de que algo est\u00e1 errado com a sa\u00fade da crian\u00e7a. Indice Ent\u00e3o, por que o coc\u00f4 do beb\u00ea muda de cor e o que isso significa?Outras coisas que voc\u00ea deve prestar <a href=\"https:\/\/www.rionortesaude.com.br\/blog\/por-que-o-coco-de-um-bebe-muda-de-cor\/\" class=\"more-link\"><span>Continue lendo<\/span>\u2192<\/a><\/p>\n","protected":false},"author":4,"featured_media":874,"comment_status":"closed","ping_status":"closed","sticky":false,"template":"","format":"standard","meta":[],"categories":[3],"tags":[],"yoast_head":"<!-- This site is optimized with the Yoast SEO plugin v15.7 - https:\/\/yoast.com\/wordpress\/plugins\/seo\/ -->\n<title>Por que o coc\u00f4 de um beb\u00ea muda de cor? | Blog<\/title>\n<meta name=\"description\" content=\"Os pais geralmente costumam procurar um pediatra em Madureira quando ocorrem quaisquer mudan\u00e7as na apar\u00eancia e na frequ\u00eancia das evacua\u00e7\u00f5es de seus\" \/>\n<meta name=\"robots\" content=\"index, follow, max-snippet:-1, max-image-preview:large, max-video-preview:-1\" \/>\n<link rel=\"canonical\" href=\"https:\/\/www.rionortesaude.com.br\/blog\/por-que-o-coco-de-um-bebe-muda-de-cor\/\" \/>\n<meta property=\"og:locale\" content=\"pt_BR\" \/>\n<meta property=\"og:type\" content=\"article\" \/>\n<meta property=\"og:title\" content=\"Por que o coc\u00f4 de um beb\u00ea muda de cor? | Blog\" \/>\n<meta property=\"og:description\" content=\"Os pais geralmente costumam procurar um pediatra em Madureira quando ocorrem quaisquer mudan\u00e7as na apar\u00eancia e na frequ\u00eancia das evacua\u00e7\u00f5es de seus\" \/>\n<meta property=\"og:url\" content=\"https:\/\/www.rionortesaude.com.br\/blog\/por-que-o-coco-de-um-bebe-muda-de-cor\/\" \/>\n<meta property=\"og:site_name\" content=\"Blog\" \/>\n<meta property=\"article:published_time\" content=\"2021-12-28T12:22:00+00:00\" \/>\n<meta property=\"article:modified_time\" content=\"2022-07-29T14:31:42+00:00\" \/>\n<meta property=\"og:image\" content=\"https:\/\/www.rionortesaude.com.br\/blog\/wp-content\/uploads\/2021\/12\/Por-que-o-coco-de-um-bebe-muda-de-cor.png\" \/>\n\t<meta property=\"og:image:width\" content=\"512\" \/>\n\t<meta property=\"og:image:height\" content=\"341\" \/>\n<meta name=\"twitter:card\" content=\"summary_large_image\" \/>\n<meta name=\"twitter:label1\" content=\"Est. reading time\">\n\t<meta name=\"twitter:data1\" content=\"4 minutos\">\n<script type=\"application\/ld+json\" class=\"yoast-schema-graph\">{\"@context\":\"https:\/\/schema.org\",\"@graph\":[{\"@type\":\"Organization\",\"@id\":\"https:\/\/www.rionortesaude.com.br\/blog\/#organization\",\"name\":\"Rio norte Sa\\u00fade\",\"url\":\"https:\/\/www.rionortesaude.com.br\/blog\/\",\"sameAs\":[],\"logo\":{\"@type\":\"ImageObject\",\"@id\":\"https:\/\/www.rionortesaude.com.br\/blog\/#logo\",\"inLanguage\":\"pt-BR\",\"url\":\"https:\/\/www.rionortesaude.com.br\/blog\/wp-content\/uploads\/2019\/01\/logo-1.png\",\"width\":391,\"height\":100,\"caption\":\"Rio norte Sa\\u00fade\"},\"image\":{\"@id\":\"https:\/\/www.rionortesaude.com.br\/blog\/#logo\"}},{\"@type\":\"WebSite\",\"@id\":\"https:\/\/www.rionortesaude.com.br\/blog\/#website\",\"url\":\"https:\/\/www.rionortesaude.com.br\/blog\/\",\"name\":\"Blog\",\"description\":\"Aqui voc\\u00ea encontrar\\u00e1 artigos relativos a area da sa\\u00fade, bem como, dicas, tutoriais, para se manter saud\\u00e1vel.\",\"publisher\":{\"@id\":\"https:\/\/www.rionortesaude.com.br\/blog\/#organization\"},\"potentialAction\":[{\"@type\":\"SearchAction\",\"target\":\"https:\/\/www.rionortesaude.com.br\/blog\/?s={search_term_string}\",\"query-input\":\"required name=search_term_string\"}],\"inLanguage\":\"pt-BR\"},{\"@type\":\"ImageObject\",\"@id\":\"https:\/\/www.rionortesaude.com.br\/blog\/por-que-o-coco-de-um-bebe-muda-de-cor\/#primaryimage\",\"inLanguage\":\"pt-BR\",\"url\":\"https:\/\/www.rionortesaude.com.br\/blog\/wp-content\/uploads\/2021\/12\/Por-que-o-coco-de-um-bebe-muda-de-cor.png\",\"width\":512,\"height\":341,\"caption\":\"Por que o coc\\u00f4 de um beb\\u00ea muda de cor\"},{\"@type\":\"WebPage\",\"@id\":\"https:\/\/www.rionortesaude.com.br\/blog\/por-que-o-coco-de-um-bebe-muda-de-cor\/#webpage\",\"url\":\"https:\/\/www.rionortesaude.com.br\/blog\/por-que-o-coco-de-um-bebe-muda-de-cor\/\",\"name\":\"Por que o coc\\u00f4 de um beb\\u00ea muda de cor? | Blog\",\"isPartOf\":{\"@id\":\"https:\/\/www.rionortesaude.com.br\/blog\/#website\"},\"primaryImageOfPage\":{\"@id\":\"https:\/\/www.rionortesaude.com.br\/blog\/por-que-o-coco-de-um-bebe-muda-de-cor\/#primaryimage\"},\"datePublished\":\"2021-12-28T12:22:00+00:00\",\"dateModified\":\"2022-07-29T14:31:42+00:00\",\"description\":\"Os pais geralmente costumam procurar um pediatra em Madureira quando ocorrem quaisquer mudan\\u00e7as na apar\\u00eancia e na frequ\\u00eancia das evacua\\u00e7\\u00f5es de seus\",\"inLanguage\":\"pt-BR\",\"potentialAction\":[{\"@type\":\"ReadAction\",\"target\":[\"https:\/\/www.rionortesaude.com.br\/blog\/por-que-o-coco-de-um-bebe-muda-de-cor\/\"]}]},{\"@type\":\"Article\",\"@id\":\"https:\/\/www.rionortesaude.com.br\/blog\/por-que-o-coco-de-um-bebe-muda-de-cor\/#article\",\"isPartOf\":{\"@id\":\"https:\/\/www.rionortesaude.com.br\/blog\/por-que-o-coco-de-um-bebe-muda-de-cor\/#webpage\"},\"author\":{\"@id\":\"https:\/\/www.rionortesaude.com.br\/blog\/#\/schema\/person\/8feaea37ecbe6680acf9abef81a45886\"},\"headline\":\"Por que o coc\\u00f4 de um beb\\u00ea muda de cor?\",\"datePublished\":\"2021-12-28T12:22:00+00:00\",\"dateModified\":\"2022-07-29T14:31:42+00:00\",\"mainEntityOfPage\":{\"@id\":\"https:\/\/www.rionortesaude.com.br\/blog\/por-que-o-coco-de-um-bebe-muda-de-cor\/#webpage\"},\"publisher\":{\"@id\":\"https:\/\/www.rionortesaude.com.br\/blog\/#organization\"},\"image\":{\"@id\":\"https:\/\/www.rionortesaude.com.br\/blog\/por-que-o-coco-de-um-bebe-muda-de-cor\/#primaryimage\"},\"articleSection\":\"Pediatria\",\"inLanguage\":\"pt-BR\"},{\"@type\":\"Person\",\"@id\":\"https:\/\/www.rionortesaude.com.br\/blog\/#\/schema\/person\/8feaea37ecbe6680acf9abef81a45886\",\"name\":\"Rio Norte Sa\\u00fade\",\"image\":{\"@type\":\"ImageObject\",\"@id\":\"https:\/\/www.rionortesaude.com.br\/blog\/#personlogo\",\"inLanguage\":\"pt-BR\",\"url\":\"https:\/\/secure.gravatar.com\/avatar\/6ae7fe7287eab8f000807cb44bb40849?s=96&d=mm&r=g\",\"caption\":\"Rio Norte Sa\\u00fade\"},\"description\":\"Criada com o objetivo de oferecer consultas e servi\\u00e7os a pre\\u00e7os acess\\u00edveis, a Rio Norte Sa\\u00fade tem a proposta de disponibilizar um atendimento diferenciado e de qualidade para aqueles que n\\u00e3o possuem planos de sa\\u00fade. Amparo, apoio, carinho, cuidado e humaniza\\u00e7\\u00e3o s\\u00e3o elementos que comp\\u00f5em os pilares da cl\\u00ednica. A Rio Norte conta ainda com profissionais altamente capacitados e equipe multidisciplinar s\\u00e9ria e \\u00e9tica que funcionam como parte da sua identidade. Localizada em um lugar de f\\u00e1cil acesso, no centro de Madureira - Zona Norte do Rio, a cl\\u00ednica conta com diversas especialidades para atender pacientes de todas as idades e com os mais variados casos cl\\u00ednicos e exames laboratoriais. Ginecologia Pediatria Cardiologia Cl\\u00ednica M\\u00e9dica Gastroenterologia Endocrinologia Dermatologia Nutri\\u00e7\\u00e3o Ortopedia Urologia Angiologia Proctologia Atendimento ao Idoso Psicologia Neurologia Obstetra\"}]}<\/script>\n<!-- \/ Yoast SEO plugin. -->","_links":{"self":[{"href":"https:\/\/www.rionortesaude.com.br\/blog\/wp-json\/wp\/v2\/posts\/873"}],"collection":[{"href":"https:\/\/www.rionortesaude.com.br\/blog\/wp-json\/wp\/v2\/posts"}],"about":[{"href":"https:\/\/www.rionortesaude.com.br\/blog\/wp-json\/wp\/v2\/types\/post"}],"author":[{"embeddable":true,"href":"https:\/\/www.rionortesaude.com.br\/blog\/wp-json\/wp\/v2\/users\/4"}],"replies":[{"embeddable":true,"href":"https:\/\/www.rionortesaude.com.br\/blog\/wp-json\/wp\/v2\/comments?post=873"}],"version-history":[{"count":2,"href":"https:\/\/www.rionortesaude.com.br\/blog\/wp-json\/wp\/v2\/posts\/873\/revisions"}],"predecessor-version":[{"id":1290,"href":"https:\/\/www.rionortesaude.com.br\/blog\/wp-json\/wp\/v2\/posts\/873\/revisions\/1290"}],"wp:featuredmedia":[{"embeddable":true,"href":"https:\/\/www.rionortesaude.com.br\/blog\/wp-json\/wp\/v2\/media\/874"}],"wp:attachment":[{"href":"https:\/\/www.rionortesaude.com.br\/blog\/wp-json\/wp\/v2\/media?parent=873"}],"wp:term":[{"taxonomy":"category","embeddable":true,"href":"https:\/\/www.rionortesaude.com.br\/blog\/wp-json\/wp\/v2\/categories?post=873"},{"taxonomy":"post_tag","embeddable":true,"href":"https:\/\/www.rionortesaude.com.br\/blog\/wp-json\/wp\/v2\/tags?post=873"}],"curies":[{"name":"wp","href":"https:\/\/api.w.org\/{rel}","templated":true}]}}