{"id":280,"date":"2020-07-01T08:44:26","date_gmt":"2020-07-01T11:44:26","guid":{"rendered":"https:\/\/www.rionortesaude.com.br\/blog\/?p=280"},"modified":"2020-07-20T09:16:43","modified_gmt":"2020-07-20T12:16:43","slug":"cuidados-com-o-fim-da-quarentena","status":"publish","type":"post","link":"https:\/\/www.rionortesaude.com.br\/blog\/cuidados-com-o-fim-da-quarentena\/","title":{"rendered":"Cuidados com o fim da quarentena"},"content":{"rendered":"<p class=\"estimated-read-time\">Tempo de leitura:<small> 3 minutos<\/small><\/p> <p><span style=\"font-weight: 400;\">Alguns meses depois de muitas empresas fecharem, uma abordagem em fases para flexibilizar as restri\u00e7\u00f5es j\u00e1 come\u00e7ou. Com a reabertura da economia do Brasil em andamento, aos poucos as pessoas est\u00e3o voltando a circular nas cidades e retornando ao trabalho. Contudo, isso n\u00e3o significa que o coronav\u00edrus tenha desaparecido. Para tornar esse momento mais tranquilo e seguro, \u00e9 necess\u00e1rio lembrar da import\u00e2ncia de manter os <\/span><b>cuidados com o fim da quarentena<\/b><span style=\"font-weight: 400;\">.<\/span><\/p>\n<p>&nbsp;<\/p>\n<div id=\"ez-toc-container\" class=\"ez-toc-v2_0_17 counter-hierarchy counter-decimal ez-toc-grey\">\n<div class=\"ez-toc-title-container\">\n<p class=\"ez-toc-title\">Indice<\/p>\n<span class=\"ez-toc-title-toggle\"><a class=\"ez-toc-pull-right ez-toc-btn ez-toc-btn-xs ez-toc-btn-default ez-toc-toggle\" style=\"display: none;\"><i class=\"ez-toc-glyphicon ez-toc-icon-toggle\"><\/i><\/a><\/span><\/div>\n<nav><ul class=\"ez-toc-list ez-toc-list-level-1\"><li class=\"ez-toc-page-1 ez-toc-heading-level-2\"><a class=\"ez-toc-link ez-toc-heading-1\" href=\"https:\/\/www.rionortesaude.com.br\/blog\/cuidados-com-o-fim-da-quarentena\/#Saiba_os_cuidados_com_o_fim_da_quarentena_que_devem_ser_tomados\" title=\"Saiba os cuidados com o fim da quarentena que devem ser tomados\">Saiba os cuidados com o fim da quarentena que devem ser tomados<\/a><ul class=\"ez-toc-list-level-3\"><li class=\"ez-toc-heading-level-3\"><a class=\"ez-toc-link ez-toc-heading-2\" href=\"https:\/\/www.rionortesaude.com.br\/blog\/cuidados-com-o-fim-da-quarentena\/#Nao_parar_de_lavar_as_maos_e_continuar_usando_mascaras\" title=\"N\u00e3o parar de lavar as m\u00e3os e continuar usando m\u00e1scaras\">N\u00e3o parar de lavar as m\u00e3os e continuar usando m\u00e1scaras<\/a><\/li><li class=\"ez-toc-page-1 ez-toc-heading-level-3\"><a class=\"ez-toc-link ez-toc-heading-3\" href=\"https:\/\/www.rionortesaude.com.br\/blog\/cuidados-com-o-fim-da-quarentena\/#Nao_visitar_imediatamente_pessoas_do_grupo_de_risco_e_nao_dar_uma_festa\" title=\"N\u00e3o visitar imediatamente pessoas do grupo de risco e n\u00e3o dar uma festa\">N\u00e3o visitar imediatamente pessoas do grupo de risco e n\u00e3o dar uma festa<\/a><\/li><\/ul><\/li><li class=\"ez-toc-page-1 ez-toc-heading-level-2\"><a class=\"ez-toc-link ez-toc-heading-4\" href=\"https:\/\/www.rionortesaude.com.br\/blog\/cuidados-com-o-fim-da-quarentena\/#Cuidados_com_o_fim_da_quarentena_para_empresas_e_clinicas\" title=\"Cuidados com o fim da quarentena para empresas e cl\u00ednicas\">Cuidados com o fim da quarentena para empresas e cl\u00ednicas<\/a><\/li><li class=\"ez-toc-page-1 ez-toc-heading-level-2\"><a class=\"ez-toc-link ez-toc-heading-5\" href=\"https:\/\/www.rionortesaude.com.br\/blog\/cuidados-com-o-fim-da-quarentena\/#Conte_com_a_Rio_Norte_Saude\" title=\"Conte com a Rio Norte Sa\u00fade!\">Conte com a Rio Norte Sa\u00fade!<\/a><\/li><\/ul><\/nav><\/div>\n<h2><span class=\"ez-toc-section\" id=\"Saiba_os_cuidados_com_o_fim_da_quarentena_que_devem_ser_tomados\"><\/span><span style=\"font-weight: 400;\">Saiba os cuidados com o fim da quarentena que devem ser tomados<\/span><span class=\"ez-toc-section-end\"><\/span><\/h2>\n<p><span style=\"font-weight: 400;\">Com a retomada gradual das atividades econ\u00f4micas, as pessoas devem obedecer rigorosamente \u00e0s orienta\u00e7\u00f5es de preven\u00e7\u00e3o e redobrar os cuidados com o fim da quarentena, como por exemplo:<\/span><\/p>\n<p>&nbsp;<\/p>\n<h3><span class=\"ez-toc-section\" id=\"Nao_parar_de_lavar_as_maos_e_continuar_usando_mascaras\"><\/span><span style=\"font-weight: 400;\">N\u00e3o parar de lavar as m\u00e3os e continuar usando m\u00e1scaras<\/span><span class=\"ez-toc-section-end\"><\/span><\/h3>\n<p><span style=\"font-weight: 400;\">Os h\u00e1bitos de lavar as m\u00e3os corretamente e com maior frequ\u00eancia devem permanecer. A flexibiliza\u00e7\u00e3o n\u00e3o significa necessariamente que o surto de coronav\u00edrus acabou. O v\u00edrus continua a se espalhar e, por isso, \u00e9 preciso manter os cuidados mesmo com o fim da quarentena. E, embora a sua maior vontade possa ser tirar a m\u00e1scara do rosto e sair pela rua livremente, saiba que ainda ser\u00e1 necess\u00e1rio continuar usando o tecido para cobrir parte do rosto por um tempo.<\/span><\/p>\n<p><span style=\"font-weight: 400;\">Lembre-se de que o objetivo da lavagem mais longa e completa das m\u00e3os, bem como o uso das m\u00e1scaras, \u00e9 minimizar o risco de prolifera\u00e7\u00e3o da COVID-19 e impedir que os hospitais sejam sobrecarregados com pacientes em estado cr\u00edtico.<\/span><\/p>\n<p>&nbsp;<\/p>\n<h3><span class=\"ez-toc-section\" id=\"Nao_visitar_imediatamente_pessoas_do_grupo_de_risco_e_nao_dar_uma_festa\"><\/span><span style=\"font-weight: 400;\">N\u00e3o visitar imediatamente pessoas do grupo de risco e n\u00e3o dar uma festa<\/span><span class=\"ez-toc-section-end\"><\/span><\/h3>\n<p><span style=\"font-weight: 400;\">A saudade \u00e9 grande e muita gente quer correr para visitar parentes e amigos. Mas isso n\u00e3o \u00e9 indicado, principalmente quando se trata de pessoas que fazem parte do grupo de risco, como idosos, por exemplo. Pense que continuar mantendo a dist\u00e2ncia, neste momento, \u00e9 a melhor forma de mant\u00ea-los em seguran\u00e7a.\u00a0<\/span><\/p>\n<p><span style=\"font-weight: 400;\">E, apesar de ser tentador, lembre-se que as medidas de distanciamento social existem por uma raz\u00e3o. Organizar uma festa ou qualquer outro tipo de aglomera\u00e7\u00e3o vai na contram\u00e3o das orienta\u00e7\u00f5es que visam retardar a dissemina\u00e7\u00e3o da transmiss\u00e3o do coronav\u00edrus. Reuni\u00f5es sociais continuam representando o risco de uma pessoa assintom\u00e1tica espalhar o v\u00edrus sem saber.<\/span><\/p>\n<p>&nbsp;<\/p>\n<h2><span class=\"ez-toc-section\" id=\"Cuidados_com_o_fim_da_quarentena_para_empresas_e_clinicas\"><\/span><span style=\"font-weight: 400;\">Cuidados com o fim da quarentena para empresas e cl\u00ednicas<\/span><span class=\"ez-toc-section-end\"><\/span><\/h2>\n<p><span style=\"font-weight: 400;\">Alguns cuidados com o fim da quarentena que devem ser tomados por empresas e cl\u00ednicas s\u00e3o:\u00a0<\/span><\/p>\n<ul>\n<li style=\"font-weight: 400;\"><span style=\"font-weight: 400;\">Retorno progressivo ao trabalho;<\/span><\/li>\n<li style=\"font-weight: 400;\"><span style=\"font-weight: 400;\">Equipes divididas e trabalhando em turnos;<\/span><\/li>\n<li style=\"font-weight: 400;\"><span style=\"font-weight: 400;\">Materiais devem ser armazenados estrategicamente;<\/span><\/li>\n<li style=\"font-weight: 400;\"><span style=\"font-weight: 400;\">Cria\u00e7\u00e3o de \u00e1reas de desinfec\u00e7\u00e3o;<\/span><\/li>\n<li style=\"font-weight: 400;\"><span style=\"font-weight: 400;\">Agendamentos devem ser espa\u00e7ados entre cada cliente ou paciente.<\/span><\/li>\n<\/ul>\n<h2><span class=\"ez-toc-section\" id=\"Conte_com_a_Rio_Norte_Saude\"><\/span><span style=\"font-weight: 400;\">Conte com a Rio Norte Sa\u00fade!<\/span><span class=\"ez-toc-section-end\"><\/span><\/h2>\n<p><span style=\"font-weight: 400;\">A pandemia do coronav\u00edrus mudou o cotidiano da popula\u00e7\u00e3o e, mesmo com a flexibiliza\u00e7\u00e3o, os cuidados com o fim da quarentena devem ser mantidos, especialmente em centros cl\u00ednicos. Com a finalidade de preservar a sa\u00fade de todos, a Rio Norte est\u00e1 cuidando para que as medidas sanit\u00e1rias e preventivas sejam devidamente tomadas.\u00a0<\/span><\/p>\n<p><span style=\"font-weight: 400;\">Portanto, intensificamos a limpeza de todos os ambientes da cl\u00ednica, e disponibilizamos \u00e1lcool gel em todas as depend\u00eancias. Al\u00e9m disso, orientamos todos os funcion\u00e1rios a higienizarem constantemente as m\u00e3os com \u00e1gua e sab\u00e3o e afastamos qualquer membro da equipe que apresentar sintomas at\u00e9 que seja descartado o teste positivo.<\/span><\/p>\n","protected":false},"excerpt":{"rendered":"<p><small> 3 minutos<\/small> Alguns meses depois de muitas empresas fecharem, uma abordagem em fases para flexibilizar as restri\u00e7\u00f5es j\u00e1 come\u00e7ou. Com a reabertura da economia do Brasil em andamento, aos poucos as pessoas est\u00e3o voltando a circular nas cidades e retornando ao trabalho. Contudo, isso n\u00e3o significa que o coronav\u00edrus tenha desaparecido. Para tornar esse momento mais tranquilo e seguro, \u00e9 necess\u00e1rio lembrar da import\u00e2ncia de manter os cuidados com o fim da quarentena. &nbsp; Indice Saiba os cuidados com o fim da quarentena que <a href=\"https:\/\/www.rionortesaude.com.br\/blog\/cuidados-com-o-fim-da-quarentena\/\" class=\"more-link\"><span>Continue lendo<\/span>\u2192<\/a><\/p>\n","protected":false},"author":4,"featured_media":281,"comment_status":"closed","ping_status":"closed","sticky":false,"template":"","format":"standard","meta":[],"categories":[12],"tags":[],"yoast_head":"<!-- This site is optimized with the Yoast SEO plugin v15.7 - https:\/\/yoast.com\/wordpress\/plugins\/seo\/ -->\n<title>Cuidados com o fim da quarentena | Blog<\/title>\n<meta name=\"description\" content=\"Alguns meses depois de muitas empresas fecharem, uma abordagem em fases para flexibilizar as restri\u00e7\u00f5es j\u00e1 come\u00e7ou. Com a reabertura da economia do Brasil\" \/>\n<meta name=\"robots\" content=\"index, follow, max-snippet:-1, max-image-preview:large, max-video-preview:-1\" \/>\n<link rel=\"canonical\" href=\"https:\/\/www.rionortesaude.com.br\/blog\/cuidados-com-o-fim-da-quarentena\/\" \/>\n<meta property=\"og:locale\" content=\"pt_BR\" \/>\n<meta property=\"og:type\" content=\"article\" \/>\n<meta property=\"og:title\" content=\"Cuidados com o fim da quarentena | Blog\" \/>\n<meta property=\"og:description\" content=\"Alguns meses depois de muitas empresas fecharem, uma abordagem em fases para flexibilizar as restri\u00e7\u00f5es j\u00e1 come\u00e7ou. Com a reabertura da economia do Brasil\" \/>\n<meta property=\"og:url\" content=\"https:\/\/www.rionortesaude.com.br\/blog\/cuidados-com-o-fim-da-quarentena\/\" \/>\n<meta property=\"og:site_name\" content=\"Blog\" \/>\n<meta property=\"article:published_time\" content=\"2020-07-01T11:44:26+00:00\" \/>\n<meta property=\"article:modified_time\" content=\"2020-07-20T12:16:43+00:00\" \/>\n<meta property=\"og:image\" content=\"https:\/\/www.rionortesaude.com.br\/blog\/wp-content\/uploads\/2020\/07\/Cuidados-com-o-fim-da-quarentena.png\" \/>\n\t<meta property=\"og:image:width\" content=\"2560\" \/>\n\t<meta property=\"og:image:height\" content=\"1178\" \/>\n<meta name=\"twitter:card\" content=\"summary_large_image\" \/>\n<meta name=\"twitter:label1\" content=\"Est. reading time\">\n\t<meta name=\"twitter:data1\" content=\"3 minutos\">\n<script type=\"application\/ld+json\" class=\"yoast-schema-graph\">{\"@context\":\"https:\/\/schema.org\",\"@graph\":[{\"@type\":\"Organization\",\"@id\":\"https:\/\/www.rionortesaude.com.br\/blog\/#organization\",\"name\":\"Rio norte Sa\\u00fade\",\"url\":\"https:\/\/www.rionortesaude.com.br\/blog\/\",\"sameAs\":[],\"logo\":{\"@type\":\"ImageObject\",\"@id\":\"https:\/\/www.rionortesaude.com.br\/blog\/#logo\",\"inLanguage\":\"pt-BR\",\"url\":\"https:\/\/www.rionortesaude.com.br\/blog\/wp-content\/uploads\/2019\/01\/logo-1.png\",\"width\":391,\"height\":100,\"caption\":\"Rio norte Sa\\u00fade\"},\"image\":{\"@id\":\"https:\/\/www.rionortesaude.com.br\/blog\/#logo\"}},{\"@type\":\"WebSite\",\"@id\":\"https:\/\/www.rionortesaude.com.br\/blog\/#website\",\"url\":\"https:\/\/www.rionortesaude.com.br\/blog\/\",\"name\":\"Blog\",\"description\":\"Aqui voc\\u00ea encontrar\\u00e1 artigos relativos a area da sa\\u00fade, bem como, dicas, tutoriais, para se manter saud\\u00e1vel.\",\"publisher\":{\"@id\":\"https:\/\/www.rionortesaude.com.br\/blog\/#organization\"},\"potentialAction\":[{\"@type\":\"SearchAction\",\"target\":\"https:\/\/www.rionortesaude.com.br\/blog\/?s={search_term_string}\",\"query-input\":\"required name=search_term_string\"}],\"inLanguage\":\"pt-BR\"},{\"@type\":\"ImageObject\",\"@id\":\"https:\/\/www.rionortesaude.com.br\/blog\/cuidados-com-o-fim-da-quarentena\/#primaryimage\",\"inLanguage\":\"pt-BR\",\"url\":\"https:\/\/www.rionortesaude.com.br\/blog\/wp-content\/uploads\/2020\/07\/Cuidados-com-o-fim-da-quarentena.png\",\"width\":2560,\"height\":1178},{\"@type\":\"WebPage\",\"@id\":\"https:\/\/www.rionortesaude.com.br\/blog\/cuidados-com-o-fim-da-quarentena\/#webpage\",\"url\":\"https:\/\/www.rionortesaude.com.br\/blog\/cuidados-com-o-fim-da-quarentena\/\",\"name\":\"Cuidados com o fim da quarentena | Blog\",\"isPartOf\":{\"@id\":\"https:\/\/www.rionortesaude.com.br\/blog\/#website\"},\"primaryImageOfPage\":{\"@id\":\"https:\/\/www.rionortesaude.com.br\/blog\/cuidados-com-o-fim-da-quarentena\/#primaryimage\"},\"datePublished\":\"2020-07-01T11:44:26+00:00\",\"dateModified\":\"2020-07-20T12:16:43+00:00\",\"description\":\"Alguns meses depois de muitas empresas fecharem, uma abordagem em fases para flexibilizar as restri\\u00e7\\u00f5es j\\u00e1 come\\u00e7ou. Com a reabertura da economia do Brasil\",\"inLanguage\":\"pt-BR\",\"potentialAction\":[{\"@type\":\"ReadAction\",\"target\":[\"https:\/\/www.rionortesaude.com.br\/blog\/cuidados-com-o-fim-da-quarentena\/\"]}]},{\"@type\":\"Article\",\"@id\":\"https:\/\/www.rionortesaude.com.br\/blog\/cuidados-com-o-fim-da-quarentena\/#article\",\"isPartOf\":{\"@id\":\"https:\/\/www.rionortesaude.com.br\/blog\/cuidados-com-o-fim-da-quarentena\/#webpage\"},\"author\":{\"@id\":\"https:\/\/www.rionortesaude.com.br\/blog\/#\/schema\/person\/8feaea37ecbe6680acf9abef81a45886\"},\"headline\":\"Cuidados com o fim da quarentena\",\"datePublished\":\"2020-07-01T11:44:26+00:00\",\"dateModified\":\"2020-07-20T12:16:43+00:00\",\"mainEntityOfPage\":{\"@id\":\"https:\/\/www.rionortesaude.com.br\/blog\/cuidados-com-o-fim-da-quarentena\/#webpage\"},\"publisher\":{\"@id\":\"https:\/\/www.rionortesaude.com.br\/blog\/#organization\"},\"image\":{\"@id\":\"https:\/\/www.rionortesaude.com.br\/blog\/cuidados-com-o-fim-da-quarentena\/#primaryimage\"},\"articleSection\":\"Rio Norte Sa\\u00fade Dicas\",\"inLanguage\":\"pt-BR\"},{\"@type\":\"Person\",\"@id\":\"https:\/\/www.rionortesaude.com.br\/blog\/#\/schema\/person\/8feaea37ecbe6680acf9abef81a45886\",\"name\":\"Rio Norte Sa\\u00fade\",\"image\":{\"@type\":\"ImageObject\",\"@id\":\"https:\/\/www.rionortesaude.com.br\/blog\/#personlogo\",\"inLanguage\":\"pt-BR\",\"url\":\"https:\/\/secure.gravatar.com\/avatar\/6ae7fe7287eab8f000807cb44bb40849?s=96&d=mm&r=g\",\"caption\":\"Rio Norte Sa\\u00fade\"},\"description\":\"Criada com o objetivo de oferecer consultas e servi\\u00e7os a pre\\u00e7os acess\\u00edveis, a Rio Norte Sa\\u00fade tem a proposta de disponibilizar um atendimento diferenciado e de qualidade para aqueles que n\\u00e3o possuem planos de sa\\u00fade. Amparo, apoio, carinho, cuidado e humaniza\\u00e7\\u00e3o s\\u00e3o elementos que comp\\u00f5em os pilares da cl\\u00ednica. A Rio Norte conta ainda com profissionais altamente capacitados e equipe multidisciplinar s\\u00e9ria e \\u00e9tica que funcionam como parte da sua identidade. Localizada em um lugar de f\\u00e1cil acesso, no centro de Madureira - Zona Norte do Rio, a cl\\u00ednica conta com diversas especialidades para atender pacientes de todas as idades e com os mais variados casos cl\\u00ednicos e exames laboratoriais. Ginecologia Pediatria Cardiologia Cl\\u00ednica M\\u00e9dica Gastroenterologia Endocrinologia Dermatologia Nutri\\u00e7\\u00e3o Ortopedia Urologia Angiologia Proctologia Atendimento ao Idoso Psicologia Neurologia Obstetra\"}]}<\/script>\n<!-- \/ Yoast SEO plugin. -->","_links":{"self":[{"href":"https:\/\/www.rionortesaude.com.br\/blog\/wp-json\/wp\/v2\/posts\/280"}],"collection":[{"href":"https:\/\/www.rionortesaude.com.br\/blog\/wp-json\/wp\/v2\/posts"}],"about":[{"href":"https:\/\/www.rionortesaude.com.br\/blog\/wp-json\/wp\/v2\/types\/post"}],"author":[{"embeddable":true,"href":"https:\/\/www.rionortesaude.com.br\/blog\/wp-json\/wp\/v2\/users\/4"}],"replies":[{"embeddable":true,"href":"https:\/\/www.rionortesaude.com.br\/blog\/wp-json\/wp\/v2\/comments?post=280"}],"version-history":[{"count":0,"href":"https:\/\/www.rionortesaude.com.br\/blog\/wp-json\/wp\/v2\/posts\/280\/revisions"}],"wp:featuredmedia":[{"embeddable":true,"href":"https:\/\/www.rionortesaude.com.br\/blog\/wp-json\/wp\/v2\/media\/281"}],"wp:attachment":[{"href":"https:\/\/www.rionortesaude.com.br\/blog\/wp-json\/wp\/v2\/media?parent=280"}],"wp:term":[{"taxonomy":"category","embeddable":true,"href":"https:\/\/www.rionortesaude.com.br\/blog\/wp-json\/wp\/v2\/categories?post=280"},{"taxonomy":"post_tag","embeddable":true,"href":"https:\/\/www.rionortesaude.com.br\/blog\/wp-json\/wp\/v2\/tags?post=280"}],"curies":[{"name":"wp","href":"https:\/\/api.w.org\/{rel}","templated":true}]}}