{"id":1441,"date":"2022-11-16T08:00:00","date_gmt":"2022-11-16T11:00:00","guid":{"rendered":"https:\/\/www.rionortesaude.com.br\/blog\/?p=1441"},"modified":"2022-11-14T11:19:12","modified_gmt":"2022-11-14T14:19:12","slug":"dia-mundial-do-diabetes-qual-medico-trata-a-doenca","status":"publish","type":"post","link":"https:\/\/www.rionortesaude.com.br\/blog\/dia-mundial-do-diabetes-qual-medico-trata-a-doenca\/","title":{"rendered":"Dia Mundial do Diabetes: Qual M\u00e9dico Trata a Doen\u00e7a?"},"content":{"rendered":"<p class=\"estimated-read-time\">Tempo de leitura:<small> 2 minutos<\/small><\/p> \n<p>Diabetes \u00e9 uma doen\u00e7a cr\u00f4nica na qual o corpo n\u00e3o produz insulina ou n\u00e3o consegue empregar adequadamente a insulina produzida no p\u00e2ncreas. A doen\u00e7a afeta de forma negativa, praticamente, todos os \u00f3rg\u00e3os e, caso n\u00e3o seja tratada, pode levar o paciente \u00e0 morte. E voc\u00ea sabe <strong>qual m\u00e9dico trata o diabetes<\/strong>? A seguir, vamos esclarecer a d\u00favida.<\/p>\n\n\n\n<div id=\"ez-toc-container\" class=\"ez-toc-v2_0_17 counter-hierarchy counter-decimal ez-toc-grey\">\n<div class=\"ez-toc-title-container\">\n<p class=\"ez-toc-title\">Indice<\/p>\n<span class=\"ez-toc-title-toggle\"><a class=\"ez-toc-pull-right ez-toc-btn ez-toc-btn-xs ez-toc-btn-default ez-toc-toggle\" style=\"display: none;\"><i class=\"ez-toc-glyphicon ez-toc-icon-toggle\"><\/i><\/a><\/span><\/div>\n<nav><ul class=\"ez-toc-list ez-toc-list-level-1\"><li class=\"ez-toc-page-1 ez-toc-heading-level-2\"><a class=\"ez-toc-link ez-toc-heading-1\" href=\"https:\/\/www.rionortesaude.com.br\/blog\/dia-mundial-do-diabetes-qual-medico-trata-a-doenca\/#O_que_provoca_o_diabetes\" title=\"O que provoca o diabetes?\">O que provoca o diabetes?<\/a><\/li><li class=\"ez-toc-page-1 ez-toc-heading-level-2\"><a class=\"ez-toc-link ez-toc-heading-2\" href=\"https:\/\/www.rionortesaude.com.br\/blog\/dia-mundial-do-diabetes-qual-medico-trata-a-doenca\/#Tratamento_do_diabetes_qual_medico_e_o_responsavel\" title=\"Tratamento do diabetes: qual m\u00e9dico \u00e9 o respons\u00e1vel?\">Tratamento do diabetes: qual m\u00e9dico \u00e9 o respons\u00e1vel?<\/a><\/li><li class=\"ez-toc-page-1 ez-toc-heading-level-2\"><a class=\"ez-toc-link ez-toc-heading-3\" href=\"https:\/\/www.rionortesaude.com.br\/blog\/dia-mundial-do-diabetes-qual-medico-trata-a-doenca\/#Consulte_um_endocrinologista_na_Rio_Norte_Saude\" title=\"Consulte um endocrinologista na Rio Norte Sa\u00fade\">Consulte um endocrinologista na Rio Norte Sa\u00fade<\/a><\/li><\/ul><\/nav><\/div>\n<h2><span class=\"ez-toc-section\" id=\"O_que_provoca_o_diabetes\"><\/span>O que provoca o diabetes?<span class=\"ez-toc-section-end\"><\/span><\/h2>\n\n\n\n<p>Antes de qualquer coisa, voc\u00ea sabe, de fato, o que \u00e9 e o que provoca o diabetes? Basicamente, diabetes \u00e9 uma doen\u00e7a causada pela falta ou m\u00e1 absor\u00e7\u00e3o de insulina, horm\u00f4nio respons\u00e1vel pelo aproveitamento da glicose como energia para o nosso corpo.<\/p>\n\n\n\n<p>Ou seja, o quadro de <strong><a href=\"https:\/\/www.rionortesaude.com.br\/endocrinologia-madureira.php\" target=\"_blank\" rel=\"noreferrer noopener\">diabetes<\/a><\/strong> ocorre quando o p\u00e2ncreas n\u00e3o produz insulina ou quando a insulina produzida n\u00e3o \u00e9 suficiente e bem aproveitada pelo organismo. Temos a diabetes gestacional, o pr\u00e9-diabetes, diabetes tipo 1 e diabetes tipo 2. E quais os sintomas t\u00edpicos?<\/p>\n\n\n\n<ul><li>Perda de peso;<\/li><li>Vis\u00e3o emba\u00e7ada;<\/li><li>Fraqueza e fadiga;<\/li><li>N\u00e1usea e v\u00f4mito;<\/li><li>Mudan\u00e7as de humor;<\/li><li>Fome e sede frequentes;<\/li><li>Formigamento nos p\u00e9s e m\u00e3os;<\/li><li>Feridas que demoram para cicatrizar;<\/li><li>Vontade de urinar v\u00e1rias vezes ao dia;<\/li><li>Infec\u00e7\u00f5es frequentes na bexiga, rins e pele.<\/li><\/ul>\n\n\n\n<p>No tratamento do diabetes, o paciente pode ter indica\u00e7\u00e3o para realizar mudan\u00e7as nos h\u00e1bitos alimentares, visando controlar os n\u00edveis de glicose no organismo. Al\u00e9m disso, pode ser necess\u00e1rio fazer aplica\u00e7\u00e3o de insulina e utilizar alguns medicamentos espec\u00edficos.<\/p>\n\n\n\n<h2><span class=\"ez-toc-section\" id=\"Tratamento_do_diabetes_qual_medico_e_o_responsavel\"><\/span>Tratamento do diabetes: qual m\u00e9dico \u00e9 o respons\u00e1vel?<span class=\"ez-toc-section-end\"><\/span><\/h2>\n\n\n<div class=\"wp-block-image\">\n<figure class=\"aligncenter size-large is-resized\"><img src=\"https:\/\/www.rionortesaude.com.br\/blog\/wp-content\/uploads\/2022\/11\/Dia-Mundial-do-Diabetes-Qual-Medico-Trata-a-Doenca.2-1024x683.jpg\" alt=\"Tratamento do diabetes: qual m\u00e9dico \u00e9 o respons\u00e1vel?\" class=\"wp-image-1442\" width=\"600\" srcset=\"https:\/\/www.rionortesaude.com.br\/blog\/wp-content\/uploads\/2022\/11\/Dia-Mundial-do-Diabetes-Qual-Medico-Trata-a-Doenca.2-1024x683.jpg 1024w, https:\/\/www.rionortesaude.com.br\/blog\/wp-content\/uploads\/2022\/11\/Dia-Mundial-do-Diabetes-Qual-Medico-Trata-a-Doenca.2-300x200.jpg 300w, https:\/\/www.rionortesaude.com.br\/blog\/wp-content\/uploads\/2022\/11\/Dia-Mundial-do-Diabetes-Qual-Medico-Trata-a-Doenca.2-768x512.jpg 768w, https:\/\/www.rionortesaude.com.br\/blog\/wp-content\/uploads\/2022\/11\/Dia-Mundial-do-Diabetes-Qual-Medico-Trata-a-Doenca.2-370x247.jpg 370w, https:\/\/www.rionortesaude.com.br\/blog\/wp-content\/uploads\/2022\/11\/Dia-Mundial-do-Diabetes-Qual-Medico-Trata-a-Doenca.2.jpg 1200w\" sizes=\"(max-width: 1024px) 100vw, 1024px\" \/><\/figure><\/div>\n\n\n<p>A insulina \u00e9 um horm\u00f4nio. Logo, o tratamento do diabetes, que \u00e9 causado por problemas na produ\u00e7\u00e3o e no aproveitamento da insulina pelo organismo, \u00e9 conduzido por um m\u00e9dico endocrinologista, profissional especializado no sistema end\u00f3crino (que produz horm\u00f4nios).<\/p>\n\n\n\n<p>No entanto, saiba que o <strong><a href=\"https:\/\/www.rionortesaude.com.br\/endocrinologia-madureira.php\" target=\"_blank\" rel=\"noreferrer noopener\">tratamento do diabetes<\/a><\/strong> \u00e9 multidisciplinar. Ou seja, envolve tamb\u00e9m a participa\u00e7\u00e3o de profissionais da \u00e1rea da nutri\u00e7\u00e3o e da educa\u00e7\u00e3o f\u00edsica, por exemplo, assim como outras especialidades m\u00e9dicas caso haja altera\u00e7\u00e3o em outros \u00f3rg\u00e3os.<\/p>\n\n\n\n<p>O objetivo do tratamento \u00e9 controlar o n\u00edvel de glicose no sangue. Para que isso seja poss\u00edvel, \u00e9 necess\u00e1rio adotar um planejamento alimentar personalizado e orientado, realizar atividades f\u00edsicas e, em alguns casos, aplicar insulina e utilizar medicamentos espec\u00edficos.<\/p>\n\n\n\n<ul><li>Veja tamb\u00e9m: <a href=\"https:\/\/www.rionortesaude.com.br\/blog\/quais-sao-os-exames-que-confirmam-a-diabetes\/\" target=\"_blank\" rel=\"noreferrer noopener\">Quais s\u00e3o os exames que confirmam a diabetes?<\/a><\/li><\/ul>\n\n\n\n<h2><span class=\"ez-toc-section\" id=\"Consulte_um_endocrinologista_na_Rio_Norte_Saude\"><\/span>Consulte um endocrinologista na Rio Norte Sa\u00fade<span class=\"ez-toc-section-end\"><\/span><\/h2>\n\n\n\n<p>Em 14 de novembro \u00e9 celebrado o Dia Mundial do Diabetes, mas todo dia \u00e9 dia de alertar para os riscos da doen\u00e7a e incentivar a ado\u00e7\u00e3o do tratamento, conduzido por uma equipe multidisciplinar que inclui m\u00e9dico endocrinologista e nutricionista, por exemplo.<\/p>\n\n\n\n<p>E na <a href=\"https:\/\/www.rionortesaude.com.br\/\" target=\"_blank\" rel=\"noreferrer noopener\">Rio Norte Sa\u00fade<\/a> voc\u00ea tem acesso n\u00e3o apenas aos exames diagn\u00f3sticos, mas tamb\u00e9m ao acompanhamento com endocrinologista e nutricionista especializados para criar um plano de tratamento personalizado, seguro e eficiente para o seu caso. Agende uma consulta.<\/p>\n","protected":false},"excerpt":{"rendered":"<p><small> 2 minutos<\/small> Diabetes \u00e9 uma doen\u00e7a cr\u00f4nica na qual o corpo n\u00e3o produz insulina ou n\u00e3o consegue empregar adequadamente a insulina produzida no p\u00e2ncreas. A doen\u00e7a afeta de forma negativa, praticamente, todos os \u00f3rg\u00e3os e, caso n\u00e3o seja tratada, pode levar o paciente \u00e0 morte. E voc\u00ea sabe qual m\u00e9dico trata o diabetes? A seguir, vamos esclarecer a d\u00favida. Indice O que provoca o diabetes?Tratamento do diabetes: qual m\u00e9dico \u00e9 o respons\u00e1vel?Consulte um endocrinologista na Rio Norte Sa\u00fade O que provoca o diabetes? Antes <a href=\"https:\/\/www.rionortesaude.com.br\/blog\/dia-mundial-do-diabetes-qual-medico-trata-a-doenca\/\" class=\"more-link\"><span>Continue lendo<\/span>\u2192<\/a><\/p>\n","protected":false},"author":10,"featured_media":1443,"comment_status":"closed","ping_status":"closed","sticky":false,"template":"","format":"standard","meta":[],"categories":[153],"tags":[],"yoast_head":"<!-- This site is optimized with the Yoast SEO plugin v15.7 - https:\/\/yoast.com\/wordpress\/plugins\/seo\/ -->\n<title>Dia Mundial do Diabetes: Qual M\u00e9dico Trata a Doen\u00e7a? | Rio Norte Sa\u00fade<\/title>\n<meta name=\"description\" content=\"Em 14 de novembro \u00e9 celebrado o Dia Mundial do Diabetes, mas todo dia \u00e9 dia de alertar para os riscos e incentivar a ado\u00e7\u00e3o do tratamento.\" \/>\n<meta name=\"robots\" content=\"index, follow, max-snippet:-1, max-image-preview:large, max-video-preview:-1\" \/>\n<link rel=\"canonical\" href=\"https:\/\/www.rionortesaude.com.br\/blog\/dia-mundial-do-diabetes-qual-medico-trata-a-doenca\/\" \/>\n<meta property=\"og:locale\" content=\"pt_BR\" \/>\n<meta property=\"og:type\" content=\"article\" \/>\n<meta property=\"og:title\" content=\"Dia Mundial do Diabetes: Qual M\u00e9dico Trata a Doen\u00e7a? | Rio Norte Sa\u00fade\" \/>\n<meta property=\"og:description\" content=\"Em 14 de novembro \u00e9 celebrado o Dia Mundial do Diabetes, mas todo dia \u00e9 dia de alertar para os riscos e incentivar a ado\u00e7\u00e3o do tratamento.\" \/>\n<meta property=\"og:url\" content=\"https:\/\/www.rionortesaude.com.br\/blog\/dia-mundial-do-diabetes-qual-medico-trata-a-doenca\/\" \/>\n<meta property=\"og:site_name\" content=\"Blog\" \/>\n<meta property=\"article:published_time\" content=\"2022-11-16T11:00:00+00:00\" \/>\n<meta property=\"article:modified_time\" content=\"2022-11-14T14:19:12+00:00\" \/>\n<meta property=\"og:image\" content=\"https:\/\/www.rionortesaude.com.br\/blog\/wp-content\/uploads\/2022\/11\/Dia-Mundial-do-Diabetes-Qual-Medico-Trata-a-Doenca.jpg\" \/>\n\t<meta property=\"og:image:width\" content=\"1200\" \/>\n\t<meta property=\"og:image:height\" content=\"800\" \/>\n<meta name=\"twitter:card\" content=\"summary_large_image\" \/>\n<meta name=\"twitter:label1\" content=\"Est. reading time\">\n\t<meta name=\"twitter:data1\" content=\"3 minutos\">\n<script type=\"application\/ld+json\" class=\"yoast-schema-graph\">{\"@context\":\"https:\/\/schema.org\",\"@graph\":[{\"@type\":\"Organization\",\"@id\":\"https:\/\/www.rionortesaude.com.br\/blog\/#organization\",\"name\":\"Rio norte Sa\\u00fade\",\"url\":\"https:\/\/www.rionortesaude.com.br\/blog\/\",\"sameAs\":[],\"logo\":{\"@type\":\"ImageObject\",\"@id\":\"https:\/\/www.rionortesaude.com.br\/blog\/#logo\",\"inLanguage\":\"pt-BR\",\"url\":\"https:\/\/www.rionortesaude.com.br\/blog\/wp-content\/uploads\/2019\/01\/logo-1.png\",\"width\":391,\"height\":100,\"caption\":\"Rio norte Sa\\u00fade\"},\"image\":{\"@id\":\"https:\/\/www.rionortesaude.com.br\/blog\/#logo\"}},{\"@type\":\"WebSite\",\"@id\":\"https:\/\/www.rionortesaude.com.br\/blog\/#website\",\"url\":\"https:\/\/www.rionortesaude.com.br\/blog\/\",\"name\":\"Blog\",\"description\":\"Aqui voc\\u00ea encontrar\\u00e1 artigos relativos a area da sa\\u00fade, bem como, dicas, tutoriais, para se manter saud\\u00e1vel.\",\"publisher\":{\"@id\":\"https:\/\/www.rionortesaude.com.br\/blog\/#organization\"},\"potentialAction\":[{\"@type\":\"SearchAction\",\"target\":\"https:\/\/www.rionortesaude.com.br\/blog\/?s={search_term_string}\",\"query-input\":\"required name=search_term_string\"}],\"inLanguage\":\"pt-BR\"},{\"@type\":\"ImageObject\",\"@id\":\"https:\/\/www.rionortesaude.com.br\/blog\/dia-mundial-do-diabetes-qual-medico-trata-a-doenca\/#primaryimage\",\"inLanguage\":\"pt-BR\",\"url\":\"https:\/\/www.rionortesaude.com.br\/blog\/wp-content\/uploads\/2022\/11\/Dia-Mundial-do-Diabetes-Qual-Medico-Trata-a-Doenca.jpg\",\"width\":1200,\"height\":800,\"caption\":\"Dia Mundial do Diabetes: Qual M\\u00e9dico Trata a Doen\\u00e7a?\"},{\"@type\":\"WebPage\",\"@id\":\"https:\/\/www.rionortesaude.com.br\/blog\/dia-mundial-do-diabetes-qual-medico-trata-a-doenca\/#webpage\",\"url\":\"https:\/\/www.rionortesaude.com.br\/blog\/dia-mundial-do-diabetes-qual-medico-trata-a-doenca\/\",\"name\":\"Dia Mundial do Diabetes: Qual M\\u00e9dico Trata a Doen\\u00e7a? | Rio Norte Sa\\u00fade\",\"isPartOf\":{\"@id\":\"https:\/\/www.rionortesaude.com.br\/blog\/#website\"},\"primaryImageOfPage\":{\"@id\":\"https:\/\/www.rionortesaude.com.br\/blog\/dia-mundial-do-diabetes-qual-medico-trata-a-doenca\/#primaryimage\"},\"datePublished\":\"2022-11-16T11:00:00+00:00\",\"dateModified\":\"2022-11-14T14:19:12+00:00\",\"description\":\"Em 14 de novembro \\u00e9 celebrado o Dia Mundial do Diabetes, mas todo dia \\u00e9 dia de alertar para os riscos e incentivar a ado\\u00e7\\u00e3o do tratamento.\",\"inLanguage\":\"pt-BR\",\"potentialAction\":[{\"@type\":\"ReadAction\",\"target\":[\"https:\/\/www.rionortesaude.com.br\/blog\/dia-mundial-do-diabetes-qual-medico-trata-a-doenca\/\"]}]},{\"@type\":\"Article\",\"@id\":\"https:\/\/www.rionortesaude.com.br\/blog\/dia-mundial-do-diabetes-qual-medico-trata-a-doenca\/#article\",\"isPartOf\":{\"@id\":\"https:\/\/www.rionortesaude.com.br\/blog\/dia-mundial-do-diabetes-qual-medico-trata-a-doenca\/#webpage\"},\"author\":{\"@id\":\"https:\/\/www.rionortesaude.com.br\/blog\/#\/schema\/person\/35b29cf196a02cd010d1ec986a93e9fa\"},\"headline\":\"Dia Mundial do Diabetes: Qual M\\u00e9dico Trata a Doen\\u00e7a?\",\"datePublished\":\"2022-11-16T11:00:00+00:00\",\"dateModified\":\"2022-11-14T14:19:12+00:00\",\"mainEntityOfPage\":{\"@id\":\"https:\/\/www.rionortesaude.com.br\/blog\/dia-mundial-do-diabetes-qual-medico-trata-a-doenca\/#webpage\"},\"publisher\":{\"@id\":\"https:\/\/www.rionortesaude.com.br\/blog\/#organization\"},\"image\":{\"@id\":\"https:\/\/www.rionortesaude.com.br\/blog\/dia-mundial-do-diabetes-qual-medico-trata-a-doenca\/#primaryimage\"},\"articleSection\":\"Diabetes\",\"inLanguage\":\"pt-BR\"},{\"@type\":\"Person\",\"@id\":\"https:\/\/www.rionortesaude.com.br\/blog\/#\/schema\/person\/35b29cf196a02cd010d1ec986a93e9fa\",\"name\":\"analyst.seo3\",\"image\":{\"@type\":\"ImageObject\",\"@id\":\"https:\/\/www.rionortesaude.com.br\/blog\/#personlogo\",\"inLanguage\":\"pt-BR\",\"url\":\"https:\/\/secure.gravatar.com\/avatar\/dd3a595f9e8eeb8c6aaa89595687d5fb?s=96&d=mm&r=g\",\"caption\":\"analyst.seo3\"}}]}<\/script>\n<!-- \/ Yoast SEO plugin. -->","_links":{"self":[{"href":"https:\/\/www.rionortesaude.com.br\/blog\/wp-json\/wp\/v2\/posts\/1441"}],"collection":[{"href":"https:\/\/www.rionortesaude.com.br\/blog\/wp-json\/wp\/v2\/posts"}],"about":[{"href":"https:\/\/www.rionortesaude.com.br\/blog\/wp-json\/wp\/v2\/types\/post"}],"author":[{"embeddable":true,"href":"https:\/\/www.rionortesaude.com.br\/blog\/wp-json\/wp\/v2\/users\/10"}],"replies":[{"embeddable":true,"href":"https:\/\/www.rionortesaude.com.br\/blog\/wp-json\/wp\/v2\/comments?post=1441"}],"version-history":[{"count":1,"href":"https:\/\/www.rionortesaude.com.br\/blog\/wp-json\/wp\/v2\/posts\/1441\/revisions"}],"predecessor-version":[{"id":1444,"href":"https:\/\/www.rionortesaude.com.br\/blog\/wp-json\/wp\/v2\/posts\/1441\/revisions\/1444"}],"wp:featuredmedia":[{"embeddable":true,"href":"https:\/\/www.rionortesaude.com.br\/blog\/wp-json\/wp\/v2\/media\/1443"}],"wp:attachment":[{"href":"https:\/\/www.rionortesaude.com.br\/blog\/wp-json\/wp\/v2\/media?parent=1441"}],"wp:term":[{"taxonomy":"category","embeddable":true,"href":"https:\/\/www.rionortesaude.com.br\/blog\/wp-json\/wp\/v2\/categories?post=1441"},{"taxonomy":"post_tag","embeddable":true,"href":"https:\/\/www.rionortesaude.com.br\/blog\/wp-json\/wp\/v2\/tags?post=1441"}],"curies":[{"name":"wp","href":"https:\/\/api.w.org\/{rel}","templated":true}]}}