{"id":1017,"date":"2022-03-14T10:33:46","date_gmt":"2022-03-14T13:33:46","guid":{"rendered":"https:\/\/www.rionortesaude.com.br\/blog\/?p=1017"},"modified":"2022-07-22T10:18:53","modified_gmt":"2022-07-22T13:18:53","slug":"marco-azul-marinho-o-que-e-o-cancer-colorretal","status":"publish","type":"post","link":"https:\/\/www.rionortesaude.com.br\/blog\/marco-azul-marinho-o-que-e-o-cancer-colorretal\/","title":{"rendered":"Mar\u00e7o Azul Marinho: o que \u00e9 o c\u00e2ncer colorretal?"},"content":{"rendered":"<p class=\"estimated-read-time\">Tempo de leitura:<small> 3 minutos<\/small><\/p> \n<p>O<strong> c\u00e2ncer colorretal<\/strong> \u00e9 um dos tr\u00eas tipos de c\u00e2nceres que mais atingem os brasileiros. No entanto, detectado precocemente, \u00e9 evit\u00e1vel e cur\u00e1vel em mais de 90% dos casos. Por isso, o <strong>Mar\u00e7o Azul Marinho<\/strong> \u00e9 uma campanha que serve para alertar sobre a import\u00e2ncia do diagn\u00f3stico e tratamento precoce dessa doen\u00e7a. \u00c9 fundamental consultar um m\u00e9dico e realizar exames de preven\u00e7\u00e3o antes mesmo do aparecimento dos sintomas, principalmente em pessoas com mais de 50 anos ou com hist\u00f3rico familiar.<\/p>\n\n\n\n<div id=\"ez-toc-container\" class=\"ez-toc-v2_0_17 counter-hierarchy counter-decimal ez-toc-grey\">\n<div class=\"ez-toc-title-container\">\n<p class=\"ez-toc-title\">Indice<\/p>\n<span class=\"ez-toc-title-toggle\"><a class=\"ez-toc-pull-right ez-toc-btn ez-toc-btn-xs ez-toc-btn-default ez-toc-toggle\" style=\"display: none;\"><i class=\"ez-toc-glyphicon ez-toc-icon-toggle\"><\/i><\/a><\/span><\/div>\n<nav><ul class=\"ez-toc-list ez-toc-list-level-1\"><li class=\"ez-toc-page-1 ez-toc-heading-level-2\"><a class=\"ez-toc-link ez-toc-heading-1\" href=\"https:\/\/www.rionortesaude.com.br\/blog\/marco-azul-marinho-o-que-e-o-cancer-colorretal\/#O_que_e_o_cancer_colorretal\" title=\"O que \u00e9 o c\u00e2ncer colorretal?\">O que \u00e9 o c\u00e2ncer colorretal?<\/a><\/li><li class=\"ez-toc-page-1 ez-toc-heading-level-2\"><a class=\"ez-toc-link ez-toc-heading-2\" href=\"https:\/\/www.rionortesaude.com.br\/blog\/marco-azul-marinho-o-que-e-o-cancer-colorretal\/#Quais_sao_os_sintomas\" title=\"Quais s\u00e3o os sintomas?\">Quais s\u00e3o os sintomas?<\/a><\/li><li class=\"ez-toc-page-1 ez-toc-heading-level-2\"><a class=\"ez-toc-link ez-toc-heading-3\" href=\"https:\/\/www.rionortesaude.com.br\/blog\/marco-azul-marinho-o-que-e-o-cancer-colorretal\/#Como_e_feito_o_diagnostico\" title=\"Como \u00e9 feito o diagn\u00f3stico?\">Como \u00e9 feito o diagn\u00f3stico?<\/a><\/li><li class=\"ez-toc-page-1 ez-toc-heading-level-2\"><a class=\"ez-toc-link ez-toc-heading-4\" href=\"https:\/\/www.rionortesaude.com.br\/blog\/marco-azul-marinho-o-que-e-o-cancer-colorretal\/#Agende_suas_consultas_e_exames_na_Rio_Norte_Saude\" title=\"Agende suas consultas e exames na Rio Norte Sa\u00fade!\">Agende suas consultas e exames na Rio Norte Sa\u00fade!<\/a><\/li><\/ul><\/nav><\/div>\n<h2><span class=\"ez-toc-section\" id=\"O_que_e_o_cancer_colorretal\"><\/span>O que \u00e9 o c\u00e2ncer colorretal?<span class=\"ez-toc-section-end\"><\/span><\/h2>\n\n\n\n<p>O c\u00e2ncer colorretal \u00e9 um c\u00e2ncer do intestino grosso que pode afetar o c\u00f3lon ou o reto. Muitos casos se desenvolvem durante um longo per\u00edodo de tempo, muitas vezes decorrentes de p\u00f3lipos pr\u00e9-cancerosos de crescimento gradual que podem se transformar em c\u00e2ncer.&nbsp;<\/p>\n\n\n\n<p>Ou seja, geralmente come\u00e7a com o crescimento de tecido ou de um tumor chamado p\u00f3lipo n\u00e3o canceroso, que pode come\u00e7ar a crescer na espessura do c\u00f3lon ou da parede do reto e com o tempo se tornar canceroso.&nbsp;<\/p>\n\n\n\n<p>Fatores como idade, hist\u00f3rico pessoal ou familiar podem desempenhar um papel no aumento do risco de desenvolver essa doen\u00e7a. Inclusive, no que diz respeito a idade, a chance de contrair \u00e9 maior em pessoas mais velhas, ap\u00f3s os 50 anos.<\/p>\n\n\n\n<p>Fazer um check-up regular de sa\u00fade \u00e9 muito importante nestes casos, pois encontrar o p\u00f3lipo ou c\u00e2ncer precocemente \u00e9 fundamental, pois \u00e9 quando pode ser curado e removido. Voc\u00ea deve conversar com seu m\u00e9dico sobre se e quando o rastreamento do c\u00e2ncer colorretal \u00e9 adequado para voc\u00ea.<\/p>\n\n\n\n<h2><span class=\"ez-toc-section\" id=\"Quais_sao_os_sintomas\"><\/span>Quais s\u00e3o os sintomas?<span class=\"ez-toc-section-end\"><\/span><\/h2>\n\n\n\n<p>Como a maioria dos c\u00e2nceres, o c\u00e2ncer colorretal n\u00e3o apresenta sintomas em seus est\u00e1gios iniciais. Contudo, se atingir um tamanho em que causa sintomas, eles podem incluir:<\/p>\n\n\n\n<ul><li>Dor abdominal;<\/li><li>C\u00f3licas;<\/li><li>Gases;<\/li><li>Perda de peso;<\/li><li>Fadiga;<\/li><li>Altera\u00e7\u00f5es nos movimentos intestinais, como diarr\u00e9ia, constipa\u00e7\u00e3o ou incha\u00e7o;<\/li><li>Sangue nas fezes ou sangramento retal.<\/li><\/ul>\n\n\n\n<h2><span class=\"ez-toc-section\" id=\"Como_e_feito_o_diagnostico\"><\/span>Como \u00e9 feito o diagn\u00f3stico?<span class=\"ez-toc-section-end\"><\/span><\/h2>\n\n\n\n<p>Para diagnosticar o c\u00e2ncer de c\u00f3lon, seu m\u00e9dico pode pedir:<\/p>\n\n\n\n<ul><li><a href=\"https:\/\/www.rionortesaude.com.br\/colposcopia-com-biopsia-em-madureira.php\" target=\"_blank\" rel=\"noreferrer noopener\">Colonoscopia<\/a>. Esse exame usa um tubo flex\u00edvel com uma pequena c\u00e2mera em uma extremidade, que \u00e9 inserida atrav\u00e9s do \u00e2nus. A c\u00e2mera captura imagens do interior do intestino grosso. P\u00f3lipos e\/ou outras amostras de tecido podem ser removidas e avaliadas para determinar se s\u00e3o cancer\u00edgenas;<\/li><\/ul>\n\n\n\n<ul><li>Colonografia por tomografia computadorizada. Um pequeno tubo \u00e9 inserido no reto e o ar \u00e9 usado para inflar o c\u00f3lon. Esse exame tamb\u00e9m pode detectar p\u00f3lipos e massas. Se forem encontradas anormalidades, geralmente ser\u00e1 necess\u00e1ria uma colonoscopia regular.<\/li><\/ul>\n\n\n\n<p>Al\u00e9m disso, outros tipos de exames de imagem que seu m\u00e9dico pode solicitar incluem:<\/p>\n\n\n\n<ul><li>Tomografia computadorizada abdominal e p\u00e9lvica. Esse procedimento de imagem usa raios-X para identificar rapidamente fontes de dor ou anormalidades no trato gastrointestinal;<\/li><\/ul>\n\n\n\n<ul><li>Resson\u00e2ncia magn\u00e9tica. Esse exame de imagem \u00e9 utilizado para produzir imagens detalhadas dos \u00f3rg\u00e3os internos. Pode determinar a extens\u00e3o da doen\u00e7a se o paciente tiver sido diagnosticado com c\u00e2ncer colorretal, observar o est\u00e1gio do tumor ou avaliar outros \u00f3rg\u00e3os para determinar se o c\u00e2ncer se espalhou (met\u00e1stase). N\u00e3o envolve o uso de radia\u00e7\u00e3o;<\/li><\/ul>\n\n\n\n<ul><li>Ultrassonografia endorretal. Esse exame de imagem utiliza ondas sonoras de alta frequ\u00eancia, geradas por uma sonda inserida no reto. As ondas sonoras criam uma imagem da parede retal e do tecido circundante. N\u00e3o envolve o uso de radia\u00e7\u00e3o. Pode ser usado para determinar a extens\u00e3o local da doen\u00e7a, se o paciente tiver sido diagnosticado com c\u00e2ncer colorretal.<\/li><\/ul>\n\n\n\n<figure class=\"wp-block-image size-large\"><a href=\"https:\/\/www.rionortesaude.com.br\/urologia-madureira.php\"><img loading=\"lazy\" width=\"512\" height=\"410\" src=\"https:\/\/www.rionortesaude.com.br\/blog\/wp-content\/uploads\/2022\/03\/Marco-Azul-Marinho-o-que-e-o-cancer-colorretal1.png\" alt=\"\" class=\"wp-image-1018\" srcset=\"https:\/\/www.rionortesaude.com.br\/blog\/wp-content\/uploads\/2022\/03\/Marco-Azul-Marinho-o-que-e-o-cancer-colorretal1.png 512w, https:\/\/www.rionortesaude.com.br\/blog\/wp-content\/uploads\/2022\/03\/Marco-Azul-Marinho-o-que-e-o-cancer-colorretal1-300x240.png 300w, https:\/\/www.rionortesaude.com.br\/blog\/wp-content\/uploads\/2022\/03\/Marco-Azul-Marinho-o-que-e-o-cancer-colorretal1-370x296.png 370w\" sizes=\"(max-width: 512px) 100vw, 512px\" \/><\/a><\/figure>\n\n\n\n<h2><span class=\"ez-toc-section\" id=\"Agende_suas_consultas_e_exames_na_Rio_Norte_Saude\"><\/span>Agende suas consultas e exames na Rio Norte Sa\u00fade!<span class=\"ez-toc-section-end\"><\/span><\/h2>\n\n\n\n<p>Mar\u00e7o Azul Marinho \u00e9 uma campanha que serve para nos alertar sobre a import\u00e2ncia da preven\u00e7\u00e3o e do diagn\u00f3stico precoce de c\u00e2ncer colorretal. Tamb\u00e9m \u00e9 um lembrete sobre a necessidade de fazer um check-up de sa\u00fade regularmente. Por isso, agende agora mesmo as suas consultas e exames na Rio Norte Sa\u00fade!\u00a0<\/p>\n","protected":false},"excerpt":{"rendered":"<p><small> 3 minutos<\/small> O c\u00e2ncer colorretal \u00e9 um dos tr\u00eas tipos de c\u00e2nceres que mais atingem os brasileiros. No entanto, detectado precocemente, \u00e9 evit\u00e1vel e cur\u00e1vel em mais de 90% dos casos. Por isso, o Mar\u00e7o Azul Marinho \u00e9 uma campanha que serve para alertar sobre a import\u00e2ncia do diagn\u00f3stico e tratamento precoce dessa doen\u00e7a. \u00c9 fundamental consultar um m\u00e9dico e realizar exames de preven\u00e7\u00e3o antes mesmo do aparecimento dos sintomas, principalmente em pessoas com mais de 50 anos ou com hist\u00f3rico familiar. Indice O <a href=\"https:\/\/www.rionortesaude.com.br\/blog\/marco-azul-marinho-o-que-e-o-cancer-colorretal\/\" class=\"more-link\"><span>Continue lendo<\/span>\u2192<\/a><\/p>\n","protected":false},"author":4,"featured_media":1019,"comment_status":"closed","ping_status":"closed","sticky":false,"template":"","format":"standard","meta":[],"categories":[147],"tags":[],"yoast_head":"<!-- This site is optimized with the Yoast SEO plugin v15.7 - https:\/\/yoast.com\/wordpress\/plugins\/seo\/ -->\n<title>Mar\u00e7o Azul Marinho: o que \u00e9 o c\u00e2ncer colorretal? | Blog<\/title>\n<meta name=\"description\" content=\"O c\u00e2ncer colorretal \u00e9 um dos tr\u00eas tipos de c\u00e2nceres que mais atingem os brasileiros. No entanto, detectado precocemente, \u00e9 evit\u00e1vel e cur\u00e1vel em mais de\" \/>\n<meta name=\"robots\" content=\"index, follow, max-snippet:-1, max-image-preview:large, max-video-preview:-1\" \/>\n<link rel=\"canonical\" href=\"https:\/\/www.rionortesaude.com.br\/blog\/marco-azul-marinho-o-que-e-o-cancer-colorretal\/\" \/>\n<meta property=\"og:locale\" content=\"pt_BR\" \/>\n<meta property=\"og:type\" content=\"article\" \/>\n<meta property=\"og:title\" content=\"Mar\u00e7o Azul Marinho: o que \u00e9 o c\u00e2ncer colorretal? | Blog\" \/>\n<meta property=\"og:description\" content=\"O c\u00e2ncer colorretal \u00e9 um dos tr\u00eas tipos de c\u00e2nceres que mais atingem os brasileiros. No entanto, detectado precocemente, \u00e9 evit\u00e1vel e cur\u00e1vel em mais de\" \/>\n<meta property=\"og:url\" content=\"https:\/\/www.rionortesaude.com.br\/blog\/marco-azul-marinho-o-que-e-o-cancer-colorretal\/\" \/>\n<meta property=\"og:site_name\" content=\"Blog\" \/>\n<meta property=\"article:published_time\" content=\"2022-03-14T13:33:46+00:00\" \/>\n<meta property=\"article:modified_time\" content=\"2022-07-22T13:18:53+00:00\" \/>\n<meta property=\"og:image\" content=\"https:\/\/www.rionortesaude.com.br\/blog\/wp-content\/uploads\/2022\/03\/Marco-Azul-Marinho-o-que-e-o-cancer-colorretal.png\" \/>\n\t<meta property=\"og:image:width\" content=\"512\" \/>\n\t<meta property=\"og:image:height\" content=\"366\" \/>\n<meta name=\"twitter:card\" content=\"summary_large_image\" \/>\n<meta name=\"twitter:label1\" content=\"Est. reading time\">\n\t<meta name=\"twitter:data1\" content=\"3 minutos\">\n<script type=\"application\/ld+json\" class=\"yoast-schema-graph\">{\"@context\":\"https:\/\/schema.org\",\"@graph\":[{\"@type\":\"Organization\",\"@id\":\"https:\/\/www.rionortesaude.com.br\/blog\/#organization\",\"name\":\"Rio norte Sa\\u00fade\",\"url\":\"https:\/\/www.rionortesaude.com.br\/blog\/\",\"sameAs\":[],\"logo\":{\"@type\":\"ImageObject\",\"@id\":\"https:\/\/www.rionortesaude.com.br\/blog\/#logo\",\"inLanguage\":\"pt-BR\",\"url\":\"https:\/\/www.rionortesaude.com.br\/blog\/wp-content\/uploads\/2019\/01\/logo-1.png\",\"width\":391,\"height\":100,\"caption\":\"Rio norte Sa\\u00fade\"},\"image\":{\"@id\":\"https:\/\/www.rionortesaude.com.br\/blog\/#logo\"}},{\"@type\":\"WebSite\",\"@id\":\"https:\/\/www.rionortesaude.com.br\/blog\/#website\",\"url\":\"https:\/\/www.rionortesaude.com.br\/blog\/\",\"name\":\"Blog\",\"description\":\"Aqui voc\\u00ea encontrar\\u00e1 artigos relativos a area da sa\\u00fade, bem como, dicas, tutoriais, para se manter saud\\u00e1vel.\",\"publisher\":{\"@id\":\"https:\/\/www.rionortesaude.com.br\/blog\/#organization\"},\"potentialAction\":[{\"@type\":\"SearchAction\",\"target\":\"https:\/\/www.rionortesaude.com.br\/blog\/?s={search_term_string}\",\"query-input\":\"required name=search_term_string\"}],\"inLanguage\":\"pt-BR\"},{\"@type\":\"ImageObject\",\"@id\":\"https:\/\/www.rionortesaude.com.br\/blog\/marco-azul-marinho-o-que-e-o-cancer-colorretal\/#primaryimage\",\"inLanguage\":\"pt-BR\",\"url\":\"https:\/\/www.rionortesaude.com.br\/blog\/wp-content\/uploads\/2022\/03\/Marco-Azul-Marinho-o-que-e-o-cancer-colorretal.png\",\"width\":512,\"height\":366,\"caption\":\"Mar\\u00e7o Azul Marinho o que \\u00e9 o c\\u00e2ncer colorretal\"},{\"@type\":\"WebPage\",\"@id\":\"https:\/\/www.rionortesaude.com.br\/blog\/marco-azul-marinho-o-que-e-o-cancer-colorretal\/#webpage\",\"url\":\"https:\/\/www.rionortesaude.com.br\/blog\/marco-azul-marinho-o-que-e-o-cancer-colorretal\/\",\"name\":\"Mar\\u00e7o Azul Marinho: o que \\u00e9 o c\\u00e2ncer colorretal? | Blog\",\"isPartOf\":{\"@id\":\"https:\/\/www.rionortesaude.com.br\/blog\/#website\"},\"primaryImageOfPage\":{\"@id\":\"https:\/\/www.rionortesaude.com.br\/blog\/marco-azul-marinho-o-que-e-o-cancer-colorretal\/#primaryimage\"},\"datePublished\":\"2022-03-14T13:33:46+00:00\",\"dateModified\":\"2022-07-22T13:18:53+00:00\",\"description\":\"O c\\u00e2ncer colorretal \\u00e9 um dos tr\\u00eas tipos de c\\u00e2nceres que mais atingem os brasileiros. No entanto, detectado precocemente, \\u00e9 evit\\u00e1vel e cur\\u00e1vel em mais de\",\"inLanguage\":\"pt-BR\",\"potentialAction\":[{\"@type\":\"ReadAction\",\"target\":[\"https:\/\/www.rionortesaude.com.br\/blog\/marco-azul-marinho-o-que-e-o-cancer-colorretal\/\"]}]},{\"@type\":\"Article\",\"@id\":\"https:\/\/www.rionortesaude.com.br\/blog\/marco-azul-marinho-o-que-e-o-cancer-colorretal\/#article\",\"isPartOf\":{\"@id\":\"https:\/\/www.rionortesaude.com.br\/blog\/marco-azul-marinho-o-que-e-o-cancer-colorretal\/#webpage\"},\"author\":{\"@id\":\"https:\/\/www.rionortesaude.com.br\/blog\/#\/schema\/person\/8feaea37ecbe6680acf9abef81a45886\"},\"headline\":\"Mar\\u00e7o Azul Marinho: o que \\u00e9 o c\\u00e2ncer colorretal?\",\"datePublished\":\"2022-03-14T13:33:46+00:00\",\"dateModified\":\"2022-07-22T13:18:53+00:00\",\"mainEntityOfPage\":{\"@id\":\"https:\/\/www.rionortesaude.com.br\/blog\/marco-azul-marinho-o-que-e-o-cancer-colorretal\/#webpage\"},\"publisher\":{\"@id\":\"https:\/\/www.rionortesaude.com.br\/blog\/#organization\"},\"image\":{\"@id\":\"https:\/\/www.rionortesaude.com.br\/blog\/marco-azul-marinho-o-que-e-o-cancer-colorretal\/#primaryimage\"},\"articleSection\":\"Urologia\",\"inLanguage\":\"pt-BR\"},{\"@type\":\"Person\",\"@id\":\"https:\/\/www.rionortesaude.com.br\/blog\/#\/schema\/person\/8feaea37ecbe6680acf9abef81a45886\",\"name\":\"Rio Norte Sa\\u00fade\",\"image\":{\"@type\":\"ImageObject\",\"@id\":\"https:\/\/www.rionortesaude.com.br\/blog\/#personlogo\",\"inLanguage\":\"pt-BR\",\"url\":\"https:\/\/secure.gravatar.com\/avatar\/6ae7fe7287eab8f000807cb44bb40849?s=96&d=mm&r=g\",\"caption\":\"Rio Norte Sa\\u00fade\"},\"description\":\"Criada com o objetivo de oferecer consultas e servi\\u00e7os a pre\\u00e7os acess\\u00edveis, a Rio Norte Sa\\u00fade tem a proposta de disponibilizar um atendimento diferenciado e de qualidade para aqueles que n\\u00e3o possuem planos de sa\\u00fade. Amparo, apoio, carinho, cuidado e humaniza\\u00e7\\u00e3o s\\u00e3o elementos que comp\\u00f5em os pilares da cl\\u00ednica. A Rio Norte conta ainda com profissionais altamente capacitados e equipe multidisciplinar s\\u00e9ria e \\u00e9tica que funcionam como parte da sua identidade. Localizada em um lugar de f\\u00e1cil acesso, no centro de Madureira - Zona Norte do Rio, a cl\\u00ednica conta com diversas especialidades para atender pacientes de todas as idades e com os mais variados casos cl\\u00ednicos e exames laboratoriais. Ginecologia Pediatria Cardiologia Cl\\u00ednica M\\u00e9dica Gastroenterologia Endocrinologia Dermatologia Nutri\\u00e7\\u00e3o Ortopedia Urologia Angiologia Proctologia Atendimento ao Idoso Psicologia Neurologia Obstetra\"}]}<\/script>\n<!-- \/ Yoast SEO plugin. -->","_links":{"self":[{"href":"https:\/\/www.rionortesaude.com.br\/blog\/wp-json\/wp\/v2\/posts\/1017"}],"collection":[{"href":"https:\/\/www.rionortesaude.com.br\/blog\/wp-json\/wp\/v2\/posts"}],"about":[{"href":"https:\/\/www.rionortesaude.com.br\/blog\/wp-json\/wp\/v2\/types\/post"}],"author":[{"embeddable":true,"href":"https:\/\/www.rionortesaude.com.br\/blog\/wp-json\/wp\/v2\/users\/4"}],"replies":[{"embeddable":true,"href":"https:\/\/www.rionortesaude.com.br\/blog\/wp-json\/wp\/v2\/comments?post=1017"}],"version-history":[{"count":3,"href":"https:\/\/www.rionortesaude.com.br\/blog\/wp-json\/wp\/v2\/posts\/1017\/revisions"}],"predecessor-version":[{"id":1259,"href":"https:\/\/www.rionortesaude.com.br\/blog\/wp-json\/wp\/v2\/posts\/1017\/revisions\/1259"}],"wp:featuredmedia":[{"embeddable":true,"href":"https:\/\/www.rionortesaude.com.br\/blog\/wp-json\/wp\/v2\/media\/1019"}],"wp:attachment":[{"href":"https:\/\/www.rionortesaude.com.br\/blog\/wp-json\/wp\/v2\/media?parent=1017"}],"wp:term":[{"taxonomy":"category","embeddable":true,"href":"https:\/\/www.rionortesaude.com.br\/blog\/wp-json\/wp\/v2\/categories?post=1017"},{"taxonomy":"post_tag","embeddable":true,"href":"https:\/\/www.rionortesaude.com.br\/blog\/wp-json\/wp\/v2\/tags?post=1017"}],"curies":[{"name":"wp","href":"https:\/\/api.w.org\/{rel}","templated":true}]}}